{"id":2623,"date":"2026-08-28T15:01:04","date_gmt":"2026-08-28T12:01:04","guid":{"rendered":"https:\/\/www.bitalih.com\/blog\/?p=2623"},"modified":"2026-08-28T15:18:27","modified_gmt":"2026-08-28T12:18:27","slug":"sampiyon-pistlere-veda-etti-bay-nalcakan-kariyeri","status":"publish","type":"post","link":"https:\/\/www.bitalih.com\/blog\/sampiyon-pistlere-veda-etti-bay-nalcakan-kariyeri\/","title":{"rendered":"100. Gazi \u015eampiyonu Pistlere Veda Etti: Bay Nal\u00e7akan ve TJK Kariyeri"},"content":{"rendered":"<p><span style=\"font-weight: 400;\"><img loading=\"lazy\" decoding=\"async\" class=\"aligncenter size-large wp-image-2627\" src=\"https:\/\/www.bitalih.com\/blog\/wp-content\/uploads\/2026\/08\/baynalcakan-1024x512.png\" alt=\"\" width=\"1024\" height=\"512\" srcset=\"https:\/\/www.bitalih.com\/blog\/wp-content\/uploads\/2026\/08\/baynalcakan-1024x512.png 1024w, https:\/\/www.bitalih.com\/blog\/wp-content\/uploads\/2026\/08\/baynalcakan-300x150.png 300w, https:\/\/www.bitalih.com\/blog\/wp-content\/uploads\/2026\/08\/baynalcakan-150x75.png 150w, https:\/\/www.bitalih.com\/blog\/wp-content\/uploads\/2026\/08\/baynalcakan-768x384.png 768w, https:\/\/www.bitalih.com\/blog\/wp-content\/uploads\/2026\/08\/baynalcakan-1536x768.png 1536w, https:\/\/www.bitalih.com\/blog\/wp-content\/uploads\/2026\/08\/baynalcakan-2048x1024.png 2048w, https:\/\/www.bitalih.com\/blog\/wp-content\/uploads\/2026\/08\/baynalcakan-scaled-360x180.png 360w, https:\/\/www.bitalih.com\/blog\/wp-content\/uploads\/2026\/08\/baynalcakan-scaled-1140x570.png 1140w, https:\/\/www.bitalih.com\/blog\/wp-content\/uploads\/2026\/08\/baynalcakan-scaled-620x310.png 620w, https:\/\/www.bitalih.com\/blog\/wp-content\/uploads\/2026\/08\/baynalcakan-scaled-400x200.png 400w, https:\/\/www.bitalih.com\/blog\/wp-content\/uploads\/2026\/08\/baynalcakan-scaled-750x375.png 750w\" sizes=\"auto, (max-width: 1024px) 100vw, 1024px\" \/>T\u00fcrk at yar\u0131\u015f\u00e7\u0131l\u0131\u011f\u0131n\u0131n en prestijli yar\u0131\u015f\u0131 olan Gazi Ko\u015fusu\u2019nda tarihi bir zafere imza atan <\/span><b>Bay Nal\u00e7akan<\/b><span style=\"font-weight: 400;\">, yar\u0131\u015f kariyerini noktalayarak emekliye ayr\u0131ld\u0131. Pistlerde g\u00f6sterdi\u011fi domine performans, kazand\u0131\u011f\u0131 devasa ikramiye ve 100. Gazi Ko\u015fusu zaferiyle ad\u0131n\u0131 alt\u0131n harflerle tarihe yazd\u0131ran \u015fampiyon safkan; tendon sakatl\u0131\u011f\u0131 riski sebebiyle T\u00fcrk at\u00e7\u0131l\u0131\u011f\u0131na ayg\u0131rl\u0131k kariyeri ile hizmet etmeye devam edecek.\u00a0<\/span><\/p>\n<p><span style=\"font-weight: 400;\">Gelin, pistlerin unutulmaz \u015fampiyonu Bay Nal\u00e7akan\u2019\u0131n k\u0131sa ama bir o kadar efsanevi kariyerini, elde etti\u011fi b\u00fcy\u00fck zaferleri ve T\u00fcrk yar\u0131\u015f\u00e7\u0131l\u0131\u011f\u0131na b\u0131rakt\u0131\u011f\u0131 silinmez izleri t\u00fcm detaylar\u0131yla birlikte anal\u0131m.<\/span><\/p>\n<h2><b>Bay Nal\u00e7akan Pistlere Neden Veda Etti?<\/b><\/h2>\n<p><span style=\"font-weight: 400;\">Tarihi 100. Gazi Ko\u015fusu zaferinin hemen ard\u0131ndan at yar\u0131\u015f\u00e7\u0131l\u0131\u011f\u0131 camias\u0131nda takdir toplayan bir emeklilik karar\u0131 geldi. Zorlu Gazi Ko\u015fusu m\u00fccadelesinin sonras\u0131nda yap\u0131lan rutin veteriner kontrollerinde \u015fampiyon safkan\u0131n tendon b\u00f6lgesinde kritik bir hassasiyet tespit edildi. Her ne kadar durum kal\u0131c\u0131 bir sakatl\u0131\u011fa d\u00f6n\u00fc\u015fmemi\u015f olsa da \u015fampiyonun gelecekte sa\u011fl\u0131k sorunu ya\u015fama riskini s\u0131f\u0131ra indirmek isteyen sahibi Emrah Nal\u00e7akan, radikal bir karara imza att\u0131.<\/span><\/p>\n<p>O efsane galibiyeti hat\u0131rlayal\u0131m:<\/p>\n<p><iframe loading=\"lazy\" src=\"\/\/www.youtube.com\/embed\/VCu5w0rbxeE\" width=\"300\" height=\"300\" allowfullscreen=\"allowfullscreen\"><\/iframe><\/p>\n<p><i><span style=\"font-weight: 400;\">&#8220;O bizim evlad\u0131m\u0131z; risk almadan, onu korumak ad\u0131na emeklilik karar\u0131 ald\u0131k&#8221;<\/span><\/i><span style=\"font-weight: 400;\"> s\u00f6zleriyle duyurulan bu karar, Bay Nal\u00e7akan\u2019\u0131n pistlere tam zirvedeyken veda etmesini sa\u011flad\u0131. \u015eampiyon, aktif yar\u0131\u015f kariyerini noktalasa da T\u00fcrk at\u00e7\u0131l\u0131\u011f\u0131na ayg\u0131rl\u0131kta yapaca\u011f\u0131 yeni d\u00f6nemde hizmet etmeye devam edecek.<\/span><\/p>\n<h2><b>Bay Nal\u00e7akan Kimdir? Cinsi, Irk\u0131 ve Soy A\u011fac\u0131<\/b><\/h2>\n<p><span style=\"font-weight: 400;\">11 Nisan 2023 do\u011fumlu doru erkek safkan <\/span><b>Bay Nal\u00e7akan<\/b><span style=\"font-weight: 400;\">, d\u00fcnya standartlar\u0131nda bir <\/span><b>\u0130ngiliz At\u0131 (Thoroughbred)<\/b><span style=\"font-weight: 400;\"> \u0131rk\u0131ndand\u0131r.<\/span><\/p>\n<p><span style=\"font-weight: 400;\">G.D. Emirsoy taraf\u0131ndan yeti\u015ftirilen \u015fampiyonun babas\u0131, T\u00fcrkiye\u2019nin \u00f6nde gelen \u015fampiyon ayg\u0131rlar\u0131ndan <\/span><b>TOROK<\/b><span style=\"font-weight: 400;\">, annesi ise Nayef torunu olan <\/span><b>KASSAMA<\/b><span style=\"font-weight: 400;\">\u2019d\u0131r. Bu g\u00fc\u00e7l\u00fc pedigri sayesinde hem \u00e7im hem de sentetik pistte y\u00fcksek bir ivmelenme kapasitesine sahip olan Bay Nal\u00e7akan, mesafe tan\u0131mayan dayan\u0131kl\u0131l\u0131\u011f\u0131 ve fini\u015f d\u00fczl\u00fc\u011f\u00fcndeki etkileyici sprint kabiliyetiyle \u00f6ne \u00e7\u0131kmaktad\u0131r.<\/span><\/p>\n<h2><b>Bay Nal\u00e7akan Kimin At\u0131? Sahibi ve Antren\u00f6r Kadrosu<\/b><\/h2>\n<p><b>Bay Nal\u00e7akan<\/b><span style=\"font-weight: 400;\">, i\u015f insan\u0131 <\/span><b>Emrah Nal\u00e7akan<\/b><span style=\"font-weight: 400;\">\u2019a ait bir safkand\u0131r. %100 hisse ile at\u0131n hem ger\u00e7ek hem de \u00fczerine ko\u015fan sahibi olan Emrah Nal\u00e7akan, kariyeri boyunca safkan\u0131n geli\u015fimini ve sa\u011fl\u0131\u011f\u0131n\u0131 her \u015feyin \u00fcst\u00fcnde tutmu\u015ftur.<\/span><\/p>\n<p><span style=\"font-weight: 400;\">Safkan\u0131n antren\u00f6r koltu\u011funda ise kariyerinin farkl\u0131 d\u00f6nemlerinde \u00f6nemli isimler g\u00f6rev yapt\u0131. \u0130lk yar\u0131\u015flar\u0131nda Mert Korkmaz ve Y\u0131lmaz Ar\u0131 idaresinde sahaya \u00e7\u0131kan Bay Nal\u00e7akan, kariyerinin zirve noktas\u0131 olan Mehmet Akif Ersoy Ko\u015fusu ve Gazi Ko\u015fusu zaferlerine usta antren\u00f6r Hikmet Turan y\u00f6netiminde haz\u0131rland\u0131.<\/span><\/p>\n<h2><b>Efsane \u0130kili: Bay Nal\u00e7akan ve Jokeyi Halis Karata\u015f<\/b><\/h2>\n<p><span style=\"font-weight: 400;\">Bay Nal\u00e7akan\u2019\u0131n kariyerindeki d\u00f6n\u00fcm noktas\u0131, T\u00fcrk yar\u0131\u015f\u00e7\u0131l\u0131\u011f\u0131n\u0131n efsanevi jokeyi <\/span><a href=\"https:\/\/www.bitalih.com\/blog\/halis-karatas-kimdir\/\"><b>Halis Karata\u015f<\/b><\/a><span style=\"font-weight: 400;\"> ile bir araya gelmesi oldu. Kariyerinin erken safhalar\u0131nda <\/span><a href=\"https:\/\/www.bitalih.com\/blog\/jokey-ahmet-celik-kimdir\/\"><span style=\"font-weight: 400;\">Ahmet \u00c7elik<\/span><\/a><span style=\"font-weight: 400;\"> ve Mehmet Salih \u00c7elik gibi ba\u015far\u0131l\u0131 jokeylerle de sahaya \u00e7\u0131kan safkan, en b\u00fcy\u00fck maj\u00f6r kupalar\u0131n\u0131 Halis Karata\u015f idaresinde kald\u0131rd\u0131.<\/span><\/p>\n<p><span style=\"font-weight: 400;\"><img loading=\"lazy\" decoding=\"async\" class=\"aligncenter size-large wp-image-2485\" src=\"https:\/\/www.bitalih.com\/blog\/wp-content\/uploads\/2026\/06\/blog_2-1-1-1024x512.png\" alt=\"\" width=\"1024\" height=\"512\" srcset=\"https:\/\/www.bitalih.com\/blog\/wp-content\/uploads\/2026\/06\/blog_2-1-1-1024x512.png 1024w, https:\/\/www.bitalih.com\/blog\/wp-content\/uploads\/2026\/06\/blog_2-1-1-300x150.png 300w, https:\/\/www.bitalih.com\/blog\/wp-content\/uploads\/2026\/06\/blog_2-1-1-150x75.png 150w, https:\/\/www.bitalih.com\/blog\/wp-content\/uploads\/2026\/06\/blog_2-1-1-768x384.png 768w, https:\/\/www.bitalih.com\/blog\/wp-content\/uploads\/2026\/06\/blog_2-1-1.png 1140w\" sizes=\"auto, (max-width: 1024px) 100vw, 1024px\" \/>\u0130kili ilk olarak 6 Haziran 2026\u2019da Ankara\u2019da d\u00fczenlenen <\/span><b>Mehmet Akif Ersoy Ko\u015fusu (G 2)<\/b><span style=\"font-weight: 400;\"> yar\u0131\u015f\u0131nda bulu\u015ftu ve 2200 metre \u00e7im pistte 2.13.74&#8217;l\u00fck dereceyle birincili\u011fe uzand\u0131. Bu zaferin ard\u0131ndan 28 Haziran 2026 tarihinde ko\u015fulan tarihi <\/span><a href=\"https:\/\/www.bitalih.com\/blog\/100-gazi-kosusu-sampiyonu-bay-nalcakan-halis-karatas\/\"><b>100. Gazi Ko\u015fusu<\/b><\/a><b> (G 1)<\/b><span style=\"font-weight: 400;\"> m\u00fccadelesinde de <\/span><b>Halis Karata\u015f<\/b><span style=\"font-weight: 400;\"> idaresinde piste \u00e7\u0131kan Bay Nal\u00e7akan, 2400 metre \u00e7im pisti <\/span><b>2.29.49<\/b><span style=\"font-weight: 400;\"> gibi muazzam bir dereceyle tamamlayarak T\u00fcrkiye&#8217;nin en b\u00fcy\u00fc\u011f\u00fc oldu.<\/span><\/p>\n<h2><b>Bay Nal\u00e7akan TJK \u0130statistikleri ve Ba\u015far\u0131 Tablosu<\/b><\/h2>\n<p><a href=\"https:\/\/www.tjk.org\/TR\/map\/Query\/ConnectedPage\/AtKosuBilgileri?1=1&amp;QueryParameter_AtId=110303\" target=\"_blank\" rel=\"noopener\"><span style=\"font-weight: 400;\">TJK (T\u00fcrkiye Jokey Kul\u00fcb\u00fc) resmi kay\u0131tlar\u0131na<\/span><\/a><span style=\"font-weight: 400;\"> g\u00f6re Bay Nal\u00e7akan, 12 ko\u015fuluk son derece verimli bir kariyer ge\u00e7irdi. Toplam 12 yar\u0131\u015fta <\/span><b>8 birincilik<\/b><span style=\"font-weight: 400;\"> elde ederek <\/span><b>%66.6<\/b><span style=\"font-weight: 400;\"> gibi y\u00fcksek bir kazanma oran\u0131na ula\u015ft\u0131. 108 handikap puan\u0131na kadar y\u00fckselen safkan, kariyeri boyunca hi\u00e7 ikincilik ya\u015famadan 1 kez 3.&#8217;l\u00fck, 2 kez 4.&#8217;l\u00fck ve 1 kez 5.&#8217;lik elde etti.<\/span><\/p>\n<p><span style=\"font-weight: 400;\">Pist tercihlerine bak\u0131ld\u0131\u011f\u0131nda sentetik pistte adeta yenilgisiz bir grafik \u00e7izen Bay Nal\u00e7akan, \u00e7\u0131kt\u0131\u011f\u0131 6 sentetik ko\u015funun 5&#8217;ini kazand\u0131. \u00c7im pistte ise aralar\u0131nda Erkek Tay Deneme, Mehmet Akif Ersoy ve Gazi Ko\u015fusu gibi dev m\u00fccadelelerin yer ald\u0131\u011f\u0131 6 yar\u0131\u015fta 3 birincilik elde ederek toplam kazanc\u0131n\u0131n b\u00fcy\u00fck b\u00f6l\u00fcm\u00fcn\u00fc bu pistte sa\u011flad\u0131.<\/span><\/p>\n<h2><b>Bay Nal\u00e7akan De\u011feri ve Maddi Kazanc\u0131 Ne Kadar?<\/b><\/h2>\n<p><span style=\"font-weight: 400;\">Pistlerde sergiledi\u011fi performansla T\u00fcrk at\u00e7\u0131l\u0131k tarihinin en y\u00fcksek kazan\u00e7 elde eden safkanlar\u0131ndan biri olan Bay Nal\u00e7akan, toplamda <\/span><b>71.427.600 TL<\/b><span style=\"font-weight: 400;\"> kazanca ula\u015ft\u0131.<\/span><\/p>\n<p><span style=\"font-weight: 400;\">Bu kazan\u00e7 kalemi; 59.523.000 TL yar\u0131\u015f ikramiyesi, 11.904.600 TL at sahibi primi, 17.806.800 TL yeti\u015ftiricilik primi ve 28.804 TL sponsorluk gelirinden olu\u015fuyor. Sadece 100. Gazi Ko\u015fusu birincili\u011fi ile sahibine <\/span><b>50.000.000 TL<\/b><span style=\"font-weight: 400;\"> kazand\u0131ran safkan\u0131n ekonomik de\u011feri, \u00f6n\u00fcm\u00fczdeki d\u00f6nemde ba\u015flayaca\u011f\u0131 ayg\u0131rl\u0131k (dam\u0131zl\u0131k) kariyerinde yeti\u015ftirece\u011fi \u015fampiyon taylarla katlanarak artmaya devam edecektir.<\/span><\/p>\n<h2><b>Pistlerden Ayg\u0131rl\u0131\u011fa Uzanan Bir Efsane<\/b><\/h2>\n<p><span style=\"font-weight: 400;\">Bay Nal\u00e7akan, 12 yar\u0131\u015fl\u0131k k\u0131sa kariyerinde 8 birincilik elde ederek, <strong>120 milyon TL<\/strong>&#8216;yi a\u015fan toplam kazanc\u0131 ve Gazi Ko\u015fusu zaferiyle TJK tarihine ad\u0131n\u0131 kaz\u0131d\u0131. Pistlere veda etse de yeti\u015ftirece\u011fi yeni \u015fampiyon taylarla T\u00fcrk at\u00e7\u0131l\u0131\u011f\u0131na y\u00f6n vermeye devam edecek\u2026<\/span><\/p>\n","protected":false},"excerpt":{"rendered":"<p>T\u00fcrk at yar\u0131\u015f\u00e7\u0131l\u0131\u011f\u0131n\u0131n en prestijli yar\u0131\u015f\u0131 olan Gazi Ko\u015fusu\u2019nda tarihi bir zafere imza atan Bay Nal\u00e7akan, yar\u0131\u015f kariyerini noktalayarak emekliye ayr\u0131ld\u0131. Pistlerde g\u00f6sterdi\u011fi domine performans, kazand\u0131\u011f\u0131 devasa ikramiye ve 100. Gazi Ko\u015fusu zaferiyle ad\u0131n\u0131 alt\u0131n harflerle tarihe yazd\u0131ran \u015fampiyon safkan; tendon sakatl\u0131\u011f\u0131 riski sebebiyle T\u00fcrk at\u00e7\u0131l\u0131\u011f\u0131na ayg\u0131rl\u0131k kariyeri ile hizmet etmeye devam edecek.\u00a0 Gelin, pistlerin [&hellip;]<\/p>\n","protected":false},"author":2,"featured_media":2627,"comment_status":"closed","ping_status":"open","sticky":false,"template":"","format":"standard","meta":{"jnews-multi-image_gallery":[],"jnews_single_post":{"subtitle":"Bay Nal\u00e7akan Kimdir?","format":"standard","jnews_video_option_group":[[]],"override":[{"template":"3","parallax":"1","layout":"right-sidebar","sidebar":"home-3-loop","second_sidebar":"default-sidebar","sticky_sidebar":"1","share_position":"bottom","share_float_style":"share-normal","show_featured":"1","post_date_format":"default","post_date_format_custom":"Y\/m\/d","post_reading_time_wpm":"300","post_calculate_word_method":"str_word_count","zoom_button_out_step":"2","zoom_button_in_step":"3","show_prev_next_post":"1","number_popup_post":"2","show_post_related":"1"}],"image_override":[{"single_post_thumbnail_size":"no-crop","single_post_gallery_size":"crop-500"}],"trending_post_position":"meta","trending_post_label":"Trending","sponsored_post_label":"Sponsored by","disable_ad":"0"},"jnews_primary_category":[],"jnews_social_meta":[],"jnews_review":[],"enable_review":"","type":"percentage","name":"","summary":"","brand":"","sku":"","good":[],"bad":[],"score_override":"","override_value":"","rating":[],"price":[],"jnews_override_counter":{"view_counter_number":"0","share_counter_number":"0","like_counter_number":"0","dislike_counter_number":"0"},"jnews_post_split":{"post_split":[{"template":"1","tag":"h2","numbering":"asc","mode":"normal","first":"0","enable_toc":"0","toc_type":"normal"}]},"footnotes":""},"categories":[32],"tags":[],"class_list":["post-2623","post","type-post","status-publish","format-standard","has-post-thumbnail","hentry","category-haberler"],"_links":{"self":[{"href":"https:\/\/www.bitalih.com\/blog\/wp-json\/wp\/v2\/posts\/2623","targetHints":{"allow":["GET"]}}],"collection":[{"href":"https:\/\/www.bitalih.com\/blog\/wp-json\/wp\/v2\/posts"}],"about":[{"href":"https:\/\/www.bitalih.com\/blog\/wp-json\/wp\/v2\/types\/post"}],"author":[{"embeddable":true,"href":"https:\/\/www.bitalih.com\/blog\/wp-json\/wp\/v2\/users\/2"}],"replies":[{"embeddable":true,"href":"https:\/\/www.bitalih.com\/blog\/wp-json\/wp\/v2\/comments?post=2623"}],"version-history":[{"count":5,"href":"https:\/\/www.bitalih.com\/blog\/wp-json\/wp\/v2\/posts\/2623\/revisions"}],"predecessor-version":[{"id":2631,"href":"https:\/\/www.bitalih.com\/blog\/wp-json\/wp\/v2\/posts\/2623\/revisions\/2631"}],"wp:featuredmedia":[{"embeddable":true,"href":"https:\/\/www.bitalih.com\/blog\/wp-json\/wp\/v2\/media\/2627"}],"wp:attachment":[{"href":"https:\/\/www.bitalih.com\/blog\/wp-json\/wp\/v2\/media?parent=2623"}],"wp:term":[{"taxonomy":"category","embeddable":true,"href":"https:\/\/www.bitalih.com\/blog\/wp-json\/wp\/v2\/categories?post=2623"},{"taxonomy":"post_tag","embeddable":true,"href":"https:\/\/www.bitalih.com\/blog\/wp-json\/wp\/v2\/tags?post=2623"}],"curies":[{"name":"wp","href":"https:\/\/api.w.org\/{rel}","templated":true}]}}